{"id":1569,"date":"2024-10-16T10:02:20","date_gmt":"2024-10-16T07:02:20","guid":{"rendered":"https:\/\/eestirootslane.ee\/?p=1569"},"modified":"2024-10-16T11:11:00","modified_gmt":"2024-10-16T08:11:00","slug":"uue-kultuurinoukogu-valimised-2025-a-sugisel","status":"publish","type":"post","link":"https:\/\/eestirootslane.ee\/sv\/uue-kultuurinoukogu-valimised-2025-a-sugisel\/","title":{"rendered":"H\u00f6sten 2025 anordnas ett val att v\u00e4lja ett nytt kulturr\u00e5det till Estlandssvenskarnas Kulturf\u00f6rvaltning"},"content":{"rendered":"","protected":false},"excerpt":{"rendered":"","protected":false},"author":1,"featured_media":1571,"comment_status":"closed","ping_status":"open","sticky":false,"template":"","format":"standard","meta":{"footnotes":""},"categories":[36],"tags":[],"class_list":["post-1569","post","type-post","status-publish","format-standard","has-post-thumbnail","hentry","category-nyheter"],"_links":{"self":[{"href":"https:\/\/eestirootslane.ee\/sv\/wp-json\/wp\/v2\/posts\/1569","targetHints":{"allow":["GET"]}}],"collection":[{"href":"https:\/\/eestirootslane.ee\/sv\/wp-json\/wp\/v2\/posts"}],"about":[{"href":"https:\/\/eestirootslane.ee\/sv\/wp-json\/wp\/v2\/types\/post"}],"author":[{"embeddable":true,"href":"https:\/\/eestirootslane.ee\/sv\/wp-json\/wp\/v2\/users\/1"}],"replies":[{"embeddable":true,"href":"https:\/\/eestirootslane.ee\/sv\/wp-json\/wp\/v2\/comments?post=1569"}],"version-history":[{"count":2,"href":"https:\/\/eestirootslane.ee\/sv\/wp-json\/wp\/v2\/posts\/1569\/revisions"}],"predecessor-version":[{"id":1575,"href":"https:\/\/eestirootslane.ee\/sv\/wp-json\/wp\/v2\/posts\/1569\/revisions\/1575"}],"wp:featuredmedia":[{"embeddable":true,"href":"https:\/\/eestirootslane.ee\/sv\/wp-json\/wp\/v2\/media\/1571"}],"wp:attachment":[{"href":"https:\/\/eestirootslane.ee\/sv\/wp-json\/wp\/v2\/media?parent=1569"}],"wp:term":[{"taxonomy":"category","embeddable":true,"href":"https:\/\/eestirootslane.ee\/sv\/wp-json\/wp\/v2\/categories?post=1569"},{"taxonomy":"post_tag","embeddable":true,"href":"https:\/\/eestirootslane.ee\/sv\/wp-json\/wp\/v2\/tags?post=1569"}],"curies":[{"name":"wp","href":"https:\/\/api.w.org\/{rel}","templated":true}]}}