{"id":1416,"date":"2024-05-07T09:36:43","date_gmt":"2024-05-07T06:36:43","guid":{"rendered":"https:\/\/eestirootslane.ee\/blasorkester\/"},"modified":"2024-05-07T09:36:43","modified_gmt":"2024-05-07T06:36:43","slug":"blasorkester","status":"publish","type":"post","link":"https:\/\/eestirootslane.ee\/sv\/blasorkester\/","title":{"rendered":"Bl\u00e5sorkester"},"content":{"rendered":"","protected":false},"excerpt":{"rendered":"<p>Bl\u00e5slaget \u00e4r en bl\u00e5sorkester i \u00c5bo, sedan \u00f6ver 25 \u00e5r verksam vid f\u00f6reningen Svenska Bildningens V\u00e4nner rf. och \u00e4ven som studiekrets inom \u00c5bo svenska arbetarinstitut. Orkestern dirigeras sedan 2009 av Mikko Lagerspetz. Bl\u00e5slaget deltog \u00e4ven i den andra estlandssvenska s\u00e5ngfesten i Hapsal \u00e5r 2013. Bl\u00e5slaget kommer att upptr\u00e4da med n\u00e5gra egna musikstycken samt ackompanjera alls\u00e5ngen. Ungef\u00e4r 16 medlemmar kommer att delta.<\/p>\n","protected":false},"author":1,"featured_media":959,"comment_status":"closed","ping_status":"open","sticky":false,"template":"","format":"standard","meta":{"footnotes":""},"categories":[45,54],"tags":[],"class_list":["post-1416","post","type-post","status-publish","format-standard","has-post-thumbnail","hentry","category-deltagare-2024","category-musiker2024"],"_links":{"self":[{"href":"https:\/\/eestirootslane.ee\/sv\/wp-json\/wp\/v2\/posts\/1416","targetHints":{"allow":["GET"]}}],"collection":[{"href":"https:\/\/eestirootslane.ee\/sv\/wp-json\/wp\/v2\/posts"}],"about":[{"href":"https:\/\/eestirootslane.ee\/sv\/wp-json\/wp\/v2\/types\/post"}],"author":[{"embeddable":true,"href":"https:\/\/eestirootslane.ee\/sv\/wp-json\/wp\/v2\/users\/1"}],"replies":[{"embeddable":true,"href":"https:\/\/eestirootslane.ee\/sv\/wp-json\/wp\/v2\/comments?post=1416"}],"version-history":[{"count":0,"href":"https:\/\/eestirootslane.ee\/sv\/wp-json\/wp\/v2\/posts\/1416\/revisions"}],"wp:featuredmedia":[{"embeddable":true,"href":"https:\/\/eestirootslane.ee\/sv\/wp-json\/wp\/v2\/media\/959"}],"wp:attachment":[{"href":"https:\/\/eestirootslane.ee\/sv\/wp-json\/wp\/v2\/media?parent=1416"}],"wp:term":[{"taxonomy":"category","embeddable":true,"href":"https:\/\/eestirootslane.ee\/sv\/wp-json\/wp\/v2\/categories?post=1416"},{"taxonomy":"post_tag","embeddable":true,"href":"https:\/\/eestirootslane.ee\/sv\/wp-json\/wp\/v2\/tags?post=1416"}],"curies":[{"name":"wp","href":"https:\/\/api.w.org\/{rel}","templated":true}]}}